[{"@context":"https:\/\/schema.org\/","@type":"Article","@id":"https:\/\/www.cavallino.sk\/zostante-in-aj-v-zime\/#Article","mainEntityOfPage":"https:\/\/www.cavallino.sk\/zostante-in-aj-v-zime\/","headline":"Zosta\u0148te IN aj v zime","name":"Zosta\u0148te IN aj v zime","description":"Hovor\u00edte si, \u017ee zimn\u00e9 oble\u010denie nem\u00f4\u017ee by\u0165 \u0161t\u00fdlov\u00e9? Objemn\u00e1 bunda, neforemn\u00e1 \u010diapka a \u0161\u00e1l utiahnut\u00fd pod krkom, k tomu vyteplen\u00e9 nohavice a obrovsk\u00e9 \u010di\u017emy. M\u00e1te &hellip; ","datePublished":"2019-04-23","dateModified":"2023-04-28","author":{"@type":"Person","@id":"https:\/\/www.cavallino.sk\/author\/#Person","name":"","url":"https:\/\/www.cavallino.sk\/author\/","identifier":1,"image":{"@type":"ImageObject","@id":"https:\/\/secure.gravatar.com\/avatar\/68b3ed45b3ae6ecdad6bfa25b4077e93536d7764172b2830acbdb661d7242512?s=96&d=mm&r=g","url":"https:\/\/secure.gravatar.com\/avatar\/68b3ed45b3ae6ecdad6bfa25b4077e93536d7764172b2830acbdb661d7242512?s=96&d=mm&r=g","height":96,"width":96}},"publisher":{"@type":"Organization","name":"cavallino.sk","logo":{"@type":"ImageObject","@id":"\/logo.png","url":"\/logo.png","width":600,"height":60}},"image":{"@type":"ImageObject","@id":"https:\/\/www.cavallino.sk\/wp-content\/uploads\/img_a301216_w16779_t1558692343.jpg","url":"https:\/\/www.cavallino.sk\/wp-content\/uploads\/img_a301216_w16779_t1558692343.jpg","height":0,"width":0},"url":"https:\/\/www.cavallino.sk\/zostante-in-aj-v-zime\/","about":["V\u00fdrobky"],"wordCount":382,"articleBody":"Hovor\u00edte si, \u017ee zimn\u00e9 oble\u010denie nem\u00f4\u017ee by\u0165 \u0161t\u00fdlov\u00e9? Objemn\u00e1 bunda, neforemn\u00e1 \u010diapka a \u0161\u00e1l utiahnut\u00fd pod krkom, k tomu vyteplen\u00e9 nohavice a obrovsk\u00e9 \u010di\u017emy. M\u00e1te pravdu. Ak si to predstav\u00edme takto, zimn\u00fd outfit p\u00f4sob\u00ed naozaj z\u00fafalo. Ak ste sa z tohto d\u00f4vodu pr\u00e1ve rozhodli zimu str\u00e1vi\u0165 bez vych\u00e1dzania zo svojho bytu, m\u00e1me pre v\u00e1s jedno rie\u0161enie.  Zimn\u00e9 k\u00fasky oble\u010denia nemusia v\u00f4bec vyzera\u0165 tak, ako sme ich op\u00edsali naza\u010diatku. Sta\u010d\u00ed len tro\u0161ku fant\u00e1zie a vkusu. Mnoh\u00e9 \u017eeny si nevedia sam\u00e9 seba predstavi\u0165 v \u010diapke. Pokia\u013e v\u0161ak chcete zimu pre\u017ei\u0165 v zdrav\u00ed, tento doplnok je viac ne\u017e potrebn\u00fd. \u010ciapku by ste si mali vybera\u0165 hlavne pod\u013ea svojho typu tv\u00e1re. Druhou d\u00f4le\u017eitou vecou je, aby v\u00e1m z pod nej vyt\u0155\u010dalo aspo\u0148 nieko\u013eko prame\u0148ov vlasov. Ak m\u00e1te kr\u00e1tky strih, nechajte z pod \u010diapky vyk\u00faka\u0165 ofinu. Pri dlh\u00fdch vlasov je najlep\u0161ie, ak ich nech\u00e1te rozpusten\u00e9. Aby \u010diapka vynikla, sna\u017ete sa ju ladi\u0165 so \u0161\u00e1lom aj top\u00e1nkami. Je dobr\u00e9, ak bud\u00fa tieto doplnky v inej farbe ako zvy\u0161ok v\u00e1\u0161ho oble\u010denie. Rie\u0161en\u00edm je aj \u010delenka, alebo klob\u00fak.  Hlavn\u00fa \u010das\u0165 v\u00e1\u0161ho outfitu bude samozrejme tvori\u0165 bunda.  nemusia by\u0165 v\u00f4bec ve\u013ek\u00e9 a neforemn\u00e9. M\u00f4\u017eete zvoli\u0165 u\u017e\u0161\u00ed strih, alebo vyu\u017ei\u0165 vrstvenie. V tomto pr\u00edpade nebudete potrebova\u0165 a\u017e tak hrub\u00fa vrchn\u00fa vrstvu, tak\u017ee bude automaticky vyzera\u0165 lep\u0161ie. Nezabudnite v\u0161ak na to, \u017ee v\u00e1m mus\u00ed by\u0165 za ka\u017ed\u00fdch okolnost\u00ed dostato\u010dne teplo, preto by ste sa mali vyhn\u00fa\u0165 bund\u00e1m, pri ktor\u00fdch nem\u00e1te zakryt\u00fa kr\u00ed\u017eov\u00fa oblas\u0165. Probl\u00e9m s neforemnos\u0165ou vyrie\u0161ite aj opaskom v oblasti p\u00e1su.  Svoje urob\u00ed aj samotn\u00e1 farba tohto k\u00fasku oble\u010denia. Ak ste svetl\u00fd typ, vyberajte si v\u017edy s\u00fdte a tmav\u0161ie odtiene. Tmav\u0161ie \u017eeny maj\u00fa men\u0161iu v\u00fdhodu, preto\u017ee si m\u00f4\u017eu dovoli\u0165 v podstate ak\u00e9ko\u013evek farby. Nezab\u00fadajte v\u0161ak na to, \u017ee v zime na\u0161a poko\u017eka p\u00f4sob\u00ed omnoho svetlej\u0161ie. Op\u00e1lenie vybledne a mr\u00e1z urob\u00ed tie\u017e svoje.                                                                                                                                                                                                                                                                                                                                                                                          5\/5 - (5 votes)        "},{"@context":"https:\/\/schema.org\/","@type":"BreadcrumbList","itemListElement":[{"@type":"ListItem","position":1,"name":"Zosta\u0148te IN aj v zime","item":"https:\/\/www.cavallino.sk\/zostante-in-aj-v-zime\/#breadcrumbitem"}]}]