[{"@context":"https:\/\/schema.org\/","@type":"Article","@id":"https:\/\/www.cavallino.sk\/svetlo-pre-vase-jedlo\/#Article","mainEntityOfPage":"https:\/\/www.cavallino.sk\/svetlo-pre-vase-jedlo\/","headline":"Svetlo pre va\u0161e jedlo","name":"Svetlo pre va\u0161e jedlo","description":"Hoci by ste mo\u017eno niektor\u00e9 veci nikdy ne\u010dakali, naozaj by ste sa mali zamyslie\u0165 v prvom rade nad t\u00fdm, \u010do vid\u00edte a \u010do je pre &hellip; ","datePublished":"2019-02-23","dateModified":"2023-04-28","author":{"@type":"Person","@id":"https:\/\/www.cavallino.sk\/author\/#Person","name":"","url":"https:\/\/www.cavallino.sk\/author\/","identifier":1,"image":{"@type":"ImageObject","@id":"https:\/\/secure.gravatar.com\/avatar\/68b3ed45b3ae6ecdad6bfa25b4077e93536d7764172b2830acbdb661d7242512?s=96&d=mm&r=g","url":"https:\/\/secure.gravatar.com\/avatar\/68b3ed45b3ae6ecdad6bfa25b4077e93536d7764172b2830acbdb661d7242512?s=96&d=mm&r=g","height":96,"width":96}},"publisher":{"@type":"Organization","name":"cavallino.sk","logo":{"@type":"ImageObject","@id":"\/logo.png","url":"\/logo.png","width":600,"height":60}},"image":{"@type":"ImageObject","@id":"https:\/\/www.cavallino.sk\/wp-content\/uploads\/img_a298460_w16469_t1553593796.jpg","url":"https:\/\/www.cavallino.sk\/wp-content\/uploads\/img_a298460_w16469_t1553593796.jpg","height":0,"width":0},"url":"https:\/\/www.cavallino.sk\/svetlo-pre-vase-jedlo\/","about":["V\u00fdrobky"],"wordCount":429,"articleBody":"       Hoci by ste mo\u017eno niektor\u00e9 veci nikdy ne\u010dakali, naozaj by ste sa mali zamyslie\u0165 v prvom rade nad t\u00fdm, \u010do vid\u00edte a \u010do je pre v\u00e1s to najlep\u0161ie, hoci by ste to mo\u017eno asi nikdy ne\u010dakali. Asi je to smie\u0161ne, ale nech sa deje \u010doko\u013evek, v\u017edy by ste mali pam\u00e4ta\u0165 hlavne na to, \u010do je pre v\u00e1s to podstatn\u00e9, s \u010d\u00edm by ste mali r\u00e1ta\u0165 a \u010do by pod\u013ea v\u00e1s malo by\u0165 to najlep\u0161ie. A ke\u010f\u017ee potrebujete nie\u010do, \u010do je naozaj \u00fa\u017easn\u00e9, je len na v\u00e1s, ako sa k tomu postav\u00edte, je len na v\u00e1s, \u010do sa s t\u00fdm rozhodnete urobi\u0165 a nech sa deje \u010doko\u013evek, nakoniec sa proste mus\u00edte rozhodn\u00fa\u0165 ma\u0165 v poriadku v prvom rade miestnos\u0165, kde tr\u00e1vite najviac \u010dasu.  VERTE TOMU, \u010cO SVETLO BUDE PRE V\u00c1S TO NAJLEP\u0160IE Mali ste niekedy pocit, \u017ee vo va\u0161ej kuchyne nie je dostatok svetla? Preto\u017ee tak\u00fd pocit m\u00e1 naozaj ve\u013emi ve\u013ea \u013eud\u00ed, no niekedy by ste sa mali proste pozera\u0165 v prvom rade na to, \u010do vyzer\u00e1 naozaj presne tak, ako si to vy sami mysl\u00edte. A niekedy by ste sa proste mali pozrie\u0165 v prvom rade na to, \u010do sa v\u00e1m p\u00e1\u010di, \u010do je pod\u013ea v\u00e1s najlep\u0161ie. A ke\u010f chcete, aby ste videli, \u010do var\u00edte, potrebujete ur\u010dite poriadne a kr\u00e1sne osvetlenie kuchynskej linky. Asi by ste to ne\u010dakali, no nech sa deje \u010doko\u013evek, presne toto v\u00e1s naozaj posunie \u010falej a mo\u017eno by ste ne\u010dakali, \u017ee v\u00e1m to m\u00f4\u017ee zmeni\u0165 \u017eivot. Alebo aj to, \u017ee budete kone\u010dne naozaj vidie\u0165 to, \u010do var\u00edte a bude sa v\u00e1m p\u00e1\u010di\u0165 to, \u010do vid\u00edte a \u010do je pre v\u00e1s naozaj \u00fa\u017easn\u00e9.  Niekedy by ste to ne\u010dakali, ale v\u0161etko, \u010do v\u00e1s obklopuje, m\u00e1 naozaj svoj v\u00fdznam, zmysel a vid\u00edte v\u0161etko presne tak, ako by to malo by\u0165, hoci sa v\u00e1m to mo\u017eno teraz e\u0161te nezd\u00e1. Ale kuchy\u0148a m\u00f4\u017ee by\u0165 \u010darovn\u00e9 miesto, ktor\u00e9 sa v\u00e1m bude p\u00e1\u010di\u0165. Tak\u017ee, ako sa rozhodnete? Je to predsa len iba na v\u00e1s. A mali by ste na to jednozna\u010dne myslie\u0165, preto\u017ee m\u00f4\u017eete. No ide hlavne o to, ako sa k tomu v\u0161etk\u00e9mu postav\u00edte. Mali by ste to urobi\u0165 hlavne pre seba, no nie?                                                                                                                                                                                                                                                                                                                                                                                          4.6\/5 - (10 votes)        "},{"@context":"https:\/\/schema.org\/","@type":"BreadcrumbList","itemListElement":[{"@type":"ListItem","position":1,"name":"Svetlo pre va\u0161e jedlo","item":"https:\/\/www.cavallino.sk\/svetlo-pre-vase-jedlo\/#breadcrumbitem"}]}]